{"id":1798,"date":"2023-04-18T15:03:43","date_gmt":"2023-04-18T15:03:43","guid":{"rendered":"https:\/\/ideipi.usac.edu.gt\/?p=1798"},"modified":"2023-07-19T14:57:22","modified_gmt":"2023-07-19T14:57:22","slug":"interculturalidad-de-la-salud-en-guatemala","status":"publish","type":"post","link":"https:\/\/ideipi.usac.edu.gt\/index.php\/2023\/04\/18\/interculturalidad-de-la-salud-en-guatemala\/","title":{"rendered":"Interculturalidad de la Salud en Guatemala"},"content":{"rendered":"<p>Este libro re\u00fane siete art\u00edculos publicados en diversas revistas. Todos son resultados de investigaciones que se han realizado en el \u00e1rea de salud del IDEIPI. Se han seleccionado estos porque reflexionan la relaci\u00f3n estrecha entre pluralismos e interculturalidad en el proceso salud\/enfermedad\/atenci\u00f3n.<\/p><div class=\"wp-block-buttons is-layout-flex wp-block-buttons-is-layout-flex\"><div class=\"wp-block-button\"><a class=\"wp-block-button__link has-vivid-red-background-color has-background\" href=\"https:\/\/ideipi.usac.edu.gt\/wp-content\/uploads\/2023\/04\/Interculturalidad-de-la-Salud-en-Guatemala.pdf\" target=\"_blank\" rel=\"noreferrer noopener\">Descargar PDF <\/a><\/div><\/div><p><\/p>","protected":false},"excerpt":{"rendered":"<p>Este libro re\u00fane siete art\u00edculos publicados en diversas revistas. Todos son resultados de investigaciones que se han realizado en el \u00e1rea de salud del IDEIPI. Se han seleccionado estos porque reflexionan la relaci\u00f3n estrecha entre pluralismos e interculturalidad en el proceso salud\/enfermedad\/atenci\u00f3n.<\/p>\n","protected":false},"author":2,"featured_media":1799,"comment_status":"open","ping_status":"open","sticky":false,"template":"","format":"standard","meta":{"footnotes":""},"categories":[2],"tags":[],"class_list":{"0":"post-1798","1":"post","2":"type-post","3":"status-publish","4":"format-standard","5":"has-post-thumbnail","7":"category-libros","8":"czr-hentry"},"_links":{"self":[{"href":"https:\/\/ideipi.usac.edu.gt\/index.php\/wp-json\/wp\/v2\/posts\/1798"}],"collection":[{"href":"https:\/\/ideipi.usac.edu.gt\/index.php\/wp-json\/wp\/v2\/posts"}],"about":[{"href":"https:\/\/ideipi.usac.edu.gt\/index.php\/wp-json\/wp\/v2\/types\/post"}],"author":[{"embeddable":true,"href":"https:\/\/ideipi.usac.edu.gt\/index.php\/wp-json\/wp\/v2\/users\/2"}],"replies":[{"embeddable":true,"href":"https:\/\/ideipi.usac.edu.gt\/index.php\/wp-json\/wp\/v2\/comments?post=1798"}],"version-history":[{"count":6,"href":"https:\/\/ideipi.usac.edu.gt\/index.php\/wp-json\/wp\/v2\/posts\/1798\/revisions"}],"predecessor-version":[{"id":1964,"href":"https:\/\/ideipi.usac.edu.gt\/index.php\/wp-json\/wp\/v2\/posts\/1798\/revisions\/1964"}],"wp:featuredmedia":[{"embeddable":true,"href":"https:\/\/ideipi.usac.edu.gt\/index.php\/wp-json\/wp\/v2\/media\/1799"}],"wp:attachment":[{"href":"https:\/\/ideipi.usac.edu.gt\/index.php\/wp-json\/wp\/v2\/media?parent=1798"}],"wp:term":[{"taxonomy":"category","embeddable":true,"href":"https:\/\/ideipi.usac.edu.gt\/index.php\/wp-json\/wp\/v2\/categories?post=1798"},{"taxonomy":"post_tag","embeddable":true,"href":"https:\/\/ideipi.usac.edu.gt\/index.php\/wp-json\/wp\/v2\/tags?post=1798"}],"curies":[{"name":"wp","href":"https:\/\/api.w.org\/{rel}","templated":true}]}}