{"id":189,"date":"2002-11-15T01:15:00","date_gmt":"2002-11-15T01:15:00","guid":{"rendered":"http:\/\/c3.usac.edu.gt\/ideipi.usac.edu.gt\/public_html\/?p=189"},"modified":"2024-08-12T20:29:46","modified_gmt":"2024-08-12T20:29:46","slug":"elite-ladina-politicas-publicas-y-pobreza-indigena","status":"publish","type":"post","link":"https:\/\/ideipi.usac.edu.gt\/index.php\/2002\/11\/15\/elite-ladina-politicas-publicas-y-pobreza-indigena\/","title":{"rendered":"Elite ladina, pol\u00edticas p\u00fablicas y pobreza ind\u00edgena"},"content":{"rendered":"<p>La presente investigaci\u00f3n versa sobre el Estado de Guatemala y los ind\u00edgenas pobres. \u00c9ste es uno de los pa\u00edses con mayor n\u00famero de ind\u00edgenas en el continente. El \u00edndice de pobreza tambi\u00e9n figura entre los m\u00e1s altos de la regi\u00f3n. Las discusiones sobre la posibilidad de desarrollo econ\u00f3mico y social en Guatemala, la presencia de \u201clo ind\u00edgena\u201d, y los niveles de pobreza, frecuentemente se consideran fen\u00f3menos estrechamente relacionados. En el presente estudio pretendemos analizar c\u00f3mo la \u00e9lite guatemalteca, responsable, por una parte importante de las pol\u00edticas p\u00fablicas en el pa\u00eds, percibe la naturaleza de este problema.<br>Para este fin se ha requerido de un an\u00e1lisis m\u00e1s profundo y espec\u00edfico en el campo de las relaciones entre pol\u00edticas p\u00fablicas y pueblos ind\u00edgenas, y el car\u00e1cter de las pol\u00edticas p\u00fablicas y sus procesos de definici\u00f3n, en particular c\u00f3mo se visualiza la sociedad multi\u00e9tnica.<\/p><p><br>El estudio consiste en dos partes. Ambas profundizan distintos aspectos de la relaci\u00f3n entre el Estado guatemalteco y la poblaci\u00f3n ind\u00edgena. En la primera se presenta un an\u00e1lisis del Estado guatemalteco y la estructura burocr\u00e1tica; el car\u00e1cter de las pol\u00edticas p\u00fablicas en t\u00e9rminos generales, focalizado en los programas de salud y vivienda. Aqu\u00ed se repas\u00f3 y discuti\u00f3 literatura relacionada con la tem\u00e1tica, se revisaron programas gubernamentales, y se hicieron entrevistas de las cuales se obtuvieron descripciones del car\u00e1cter del Estado y las pol\u00edticas p\u00fablicas de salud y vivienda. No se trat\u00f3 de una evaluaci\u00f3n de pol\u00edticas p\u00fablicas en su sentido amplio, sino de c\u00f3mo \u2013en forma general\u2013 \u00e9stas son vistas por la \u00e9lite de funcionarios.<\/p><div class=\"wp-block-buttons is-layout-flex wp-block-buttons-is-layout-flex\"><div class=\"wp-block-button\"><a class=\"wp-block-button__link has-vivid-red-background-color has-background wp-element-button\" href=\"https:\/\/ideipi.usac.edu.gt\/wp-content\/uploads\/2021\/05\/Elite-ladina-pol\u00ecticas-publicas-y-pobreza-ind\u00edgena.pdf\">Descargar PDF<\/a><\/div><\/div>","protected":false},"excerpt":{"rendered":"<p>La presente investigaci\u00f3n versa sobre el Estado de Guatemala y los ind\u00edgenas pobres. \u00c9ste es uno de los pa\u00edses con mayor n\u00famero de ind\u00edgenas en el continente. El \u00edndice de pobreza tambi\u00e9n figura entre los m\u00e1s altos de la regi\u00f3n. Las discusiones sobre la posibilidad de desarrollo econ\u00f3mico y social en Guatemala, la presencia de [&hellip;]<\/p>\n","protected":false},"author":2,"featured_media":398,"comment_status":"open","ping_status":"open","sticky":false,"template":"","format":"standard","meta":{"footnotes":""},"categories":[2],"tags":[],"class_list":{"0":"post-189","1":"post","2":"type-post","3":"status-publish","4":"format-standard","5":"has-post-thumbnail","7":"category-libros","8":"czr-hentry"},"_links":{"self":[{"href":"https:\/\/ideipi.usac.edu.gt\/index.php\/wp-json\/wp\/v2\/posts\/189"}],"collection":[{"href":"https:\/\/ideipi.usac.edu.gt\/index.php\/wp-json\/wp\/v2\/posts"}],"about":[{"href":"https:\/\/ideipi.usac.edu.gt\/index.php\/wp-json\/wp\/v2\/types\/post"}],"author":[{"embeddable":true,"href":"https:\/\/ideipi.usac.edu.gt\/index.php\/wp-json\/wp\/v2\/users\/2"}],"replies":[{"embeddable":true,"href":"https:\/\/ideipi.usac.edu.gt\/index.php\/wp-json\/wp\/v2\/comments?post=189"}],"version-history":[{"count":5,"href":"https:\/\/ideipi.usac.edu.gt\/index.php\/wp-json\/wp\/v2\/posts\/189\/revisions"}],"predecessor-version":[{"id":2073,"href":"https:\/\/ideipi.usac.edu.gt\/index.php\/wp-json\/wp\/v2\/posts\/189\/revisions\/2073"}],"wp:featuredmedia":[{"embeddable":true,"href":"https:\/\/ideipi.usac.edu.gt\/index.php\/wp-json\/wp\/v2\/media\/398"}],"wp:attachment":[{"href":"https:\/\/ideipi.usac.edu.gt\/index.php\/wp-json\/wp\/v2\/media?parent=189"}],"wp:term":[{"taxonomy":"category","embeddable":true,"href":"https:\/\/ideipi.usac.edu.gt\/index.php\/wp-json\/wp\/v2\/categories?post=189"},{"taxonomy":"post_tag","embeddable":true,"href":"https:\/\/ideipi.usac.edu.gt\/index.php\/wp-json\/wp\/v2\/tags?post=189"}],"curies":[{"name":"wp","href":"https:\/\/api.w.org\/{rel}","templated":true}]}}