{"id":2148,"date":"2025-03-21T16:36:21","date_gmt":"2025-03-21T16:36:21","guid":{"rendered":"https:\/\/ideipi.usac.edu.gt\/?p=2148"},"modified":"2025-06-26T21:02:49","modified_gmt":"2025-06-26T21:02:49","slug":"convocatoria-para-publicar-articulos-revista-estudios-interetnicos-no-36","status":"publish","type":"post","link":"https:\/\/ideipi.usac.edu.gt\/index.php\/2025\/03\/21\/convocatoria-para-publicar-articulos-revista-estudios-interetnicos-no-36\/","title":{"rendered":"Convocatoria para publicar art\u00edculos en la Revista Estudios Inter\u00e9tnicos No. 36"},"content":{"rendered":"<p>Nos complace invitarles a enviar sus art\u00edculos y contribuciones para la pr\u00f3xima edici\u00f3n de nuestra Revista Estudios Inter\u00e9tnicos No. 36. Este es un espacio abierto para que compartan sus ideas, investigaciones y reflexiones sobre temas de actualidad, cultura y ciencia. Su participaci\u00f3n es fundamental para enriquecer el contenido de nuestra publicaci\u00f3n y fomentar el di\u00e1logo acad\u00e9mico entre todos.<\/p><div class=\"wp-block-buttons is-layout-flex wp-block-buttons-is-layout-flex\"><div class=\"wp-block-button is-style-fill\"><a class=\"wp-block-button__link has-vivid-red-background-color has-background wp-element-button\" href=\"https:\/\/ideipi.usac.edu.gt\/wp-content\/uploads\/2025\/03\/Normas-Editoriales-Revista-36.pdf\">Descargar normas editoriales<\/a><\/div><\/div><p><\/p>","protected":false},"excerpt":{"rendered":"<p>Nos complace invitarles a enviar sus art\u00edculos y contribuciones para la pr\u00f3xima edici\u00f3n de nuestra Revista Estudios Inter\u00e9tnicos No. 36. Este es un espacio abierto para que compartan sus ideas, investigaciones y reflexiones sobre temas de actualidad, cultura y ciencia. Su participaci\u00f3n es fundamental para enriquecer el contenido de nuestra publicaci\u00f3n y fomentar el di\u00e1logo [&hellip;]<\/p>\n","protected":false},"author":2,"featured_media":2177,"comment_status":"closed","ping_status":"closed","sticky":false,"template":"","format":"standard","meta":{"footnotes":""},"categories":[1],"tags":[],"class_list":{"0":"post-2148","1":"post","2":"type-post","3":"status-publish","4":"format-standard","5":"has-post-thumbnail","7":"category-eventos","8":"czr-hentry"},"_links":{"self":[{"href":"https:\/\/ideipi.usac.edu.gt\/index.php\/wp-json\/wp\/v2\/posts\/2148"}],"collection":[{"href":"https:\/\/ideipi.usac.edu.gt\/index.php\/wp-json\/wp\/v2\/posts"}],"about":[{"href":"https:\/\/ideipi.usac.edu.gt\/index.php\/wp-json\/wp\/v2\/types\/post"}],"author":[{"embeddable":true,"href":"https:\/\/ideipi.usac.edu.gt\/index.php\/wp-json\/wp\/v2\/users\/2"}],"replies":[{"embeddable":true,"href":"https:\/\/ideipi.usac.edu.gt\/index.php\/wp-json\/wp\/v2\/comments?post=2148"}],"version-history":[{"count":2,"href":"https:\/\/ideipi.usac.edu.gt\/index.php\/wp-json\/wp\/v2\/posts\/2148\/revisions"}],"predecessor-version":[{"id":2150,"href":"https:\/\/ideipi.usac.edu.gt\/index.php\/wp-json\/wp\/v2\/posts\/2148\/revisions\/2150"}],"wp:featuredmedia":[{"embeddable":true,"href":"https:\/\/ideipi.usac.edu.gt\/index.php\/wp-json\/wp\/v2\/media\/2177"}],"wp:attachment":[{"href":"https:\/\/ideipi.usac.edu.gt\/index.php\/wp-json\/wp\/v2\/media?parent=2148"}],"wp:term":[{"taxonomy":"category","embeddable":true,"href":"https:\/\/ideipi.usac.edu.gt\/index.php\/wp-json\/wp\/v2\/categories?post=2148"},{"taxonomy":"post_tag","embeddable":true,"href":"https:\/\/ideipi.usac.edu.gt\/index.php\/wp-json\/wp\/v2\/tags?post=2148"}],"curies":[{"name":"wp","href":"https:\/\/api.w.org\/{rel}","templated":true}]}}